{"id":585,"date":"2014-12-09T00:00:08","date_gmt":"2014-12-09T05:00:08","guid":{"rendered":"http:\/\/www.alphalogistiques.com\/?p=585"},"modified":"2019-05-29T13:34:48","modified_gmt":"2019-05-29T17:34:48","slug":"mise-en-oeuvre-de-laccord-de-libre-echange-canada-coree-alecrc","status":"publish","type":"post","link":"https:\/\/www.alphalogistiques.com\/fr\/mise-en-oeuvre-de-laccord-de-libre-echange-canada-coree-alecrc\/","title":{"rendered":"Mise en \u0153uvre de l&rsquo;Accord de Libre-\u00c9change Canada\u2013Cor\u00e9e (AL\u00c9CRC)"},"content":{"rendered":"<p>Le pr\u00e9sent avis des douanes vise \u00e0 vous informer de la mise en \u0153uvre de l&rsquo;Accord de libre-\u00e9change Canada\u2013Cor\u00e9e (AL\u00c9CRC), laquelle aura lieu le 1<sup>er<\/sup><span class=\"Apple-converted-space\">\u00a0<\/span>janvier 2015. \u00c0 l&rsquo;exception de quelques produits agricoles, l&rsquo;AL\u00c9CRC \u00e9liminera les droits de douane sur toutes les importations provenant de la Cor\u00e9e, soit imm\u00e9diatement apr\u00e8s la mise en \u0153uvre de l&rsquo;accord ou par le truchement d&rsquo;une \u00e9limination progressive des tarifs.<\/p>\n<p>1. Des renseignements concernant l&rsquo;AL\u00c9CRC et le libell\u00e9 de l&rsquo;accord figurent sur le<span class=\"Apple-converted-space\">\u00a0<\/span><a class=\"ui-link\" href=\"https:\/\/international.gc.ca\/trade-commerce\/trade-agreements-accords-commerciaux\/agr-acc\/korea-coree\/index.aspx?lang=fra\">site Web des Affaires \u00e9trang\u00e8res, Commerce et D\u00e9veloppement Canada<\/a>.<\/p>\n<p>2. Le<span class=\"Apple-converted-space\">\u00a0<\/span><a class=\"ui-link\" href=\"http:\/\/www.parl.gc.ca\/Legisinfo\/BillDetails.aspx?billId=6697001&amp;Mode=1&amp;Language=F\">Projet de loi C-41<\/a><span class=\"Apple-converted-space\">\u00a0<\/span>visant la mise en \u0153uvre de l&rsquo;AL\u00c9CRC a re\u00e7u la sanction royale le 26 novembre 2014 et devrait entrer en vigueur le 1<sup>er<\/sup><span class=\"Apple-converted-space\">\u00a0<\/span>janvier 2015.<\/p>\n<h4>Dispositions tarifaires<\/h4>\n<p>3. Conform\u00e9ment \u00e0 l&rsquo;AL\u00c9CRC, un nouveau traitement tarifaire pr\u00e9f\u00e9rentiel sera introduit, nomm\u00e9ment le Tarif de la Cor\u00e9e. Le nouveau code de traitement tarifaire ainsi cr\u00e9\u00e9 est le suivant : Tarif de la Cor\u00e9e (TKR) \u2013 Code 30.<\/p>\n<p>4. L&rsquo;admissibilit\u00e9 au Tarif de la Cor\u00e9e est d\u00e9termin\u00e9e conform\u00e9ment aux r\u00e8gles d&rsquo;origine, lesquelles sont \u00e9tablies dans le Chapitre Trois de l&rsquo;AL\u00c9CRC.<\/p>\n<h4>Justification de l&rsquo;origine<\/h4>\n<p>5. La justification de l&rsquo;origine requise est le Certificat d&rsquo;origine Canada\u2013Cor\u00e9e, disponible soit en anglais, en fran\u00e7ais et en cor\u00e9en. Afin d&rsquo;\u00eatre en mesure de r\u00e9clamer un traitement tarifaire pr\u00e9f\u00e9rentiel accord\u00e9 en vertu de l&rsquo;AL\u00c9CRC, les importateurs doivent avoir en leur possession le Certificat d&rsquo;origine Canada\u2013Cor\u00e9e rempli par l&rsquo;exportateur en Cor\u00e9e.<\/p>\n<p>6. Le<span class=\"Apple-converted-space\">\u00a0<\/span><a class=\"ui-link\" href=\"http:\/\/www.cbsa-asfc.gc.ca\/publications\/forms-formulaires\/menu-fra.html\">Certificat d&rsquo;origine Canada\u2013Cor\u00e9e<\/a><span class=\"Apple-converted-space\">\u00a0<\/span>et les instructions \u00e0 suivre pour le remplir<span class=\"Apple-converted-space\">\u00a0<\/span><b>seront<span class=\"Apple-converted-space\">\u00a0<\/span><\/b>disponibles en anglais, en fran\u00e7ais et en cor\u00e9en avant le 1<sup>er<\/sup><span class=\"Apple-converted-space\">\u00a0<\/span>janvier 2015.<\/p>\n<h4>Exigences en mati\u00e8re d&rsquo;exp\u00e9dition<\/h4>\n<p>7. Les marchandises peuvent \u00eatre exp\u00e9di\u00e9es directement de la Cor\u00e9e, avec ou sans transbordement, au Canada.<\/p>\n<h4>Remboursements<\/h4>\n<p>8. Une demande de remboursement en vertu de l&rsquo;alin\u00e9a 74(1)(c.11) de la<span class=\"Apple-converted-space\">\u00a0<\/span><i><a class=\"ui-link\" href=\"http:\/\/laws-lois.justice.gc.ca\/fra\/lois\/C-52.6\/TexteComplet.html\">Loi sur les douanes<\/a><\/i><span class=\"Apple-converted-space\">\u00a0<\/span>peut \u00eatre faite dans les quatre ans suivant la date \u00e0 laquelle les marchandises ont \u00e9t\u00e9 d\u00e9clar\u00e9es en d\u00e9tail en vertu des paragraphes 32(1), (3) ou (5), pour les marchandises qui ont \u00e9t\u00e9 import\u00e9es \u00e0 compter du 1<sup>er<\/sup><span class=\"Apple-converted-space\">\u00a0<\/span>janvier 2015.<\/p>\n","protected":false},"excerpt":{"rendered":"<p>La mise en \u0153uvre de l&rsquo;Accord de Libre-\u00c9change Canada\u2013Cor\u00e9e (AL\u00c9CRC), laquelle aura lieu le 1er janvier 2015. \u00c0 l&rsquo;exception de quelques produits agricoles, l&rsquo;AL\u00c9CRC \u00e9liminera les&#8230;<\/p>\n","protected":false},"author":1,"featured_media":0,"comment_status":"open","ping_status":"open","sticky":false,"template":"","format":"standard","meta":{"_acf_changed":false,"footnotes":""},"categories":[6],"tags":[],"acf":[],"yoast_head":"<!-- This site is optimized with the Yoast SEO plugin v22.2 - https:\/\/yoast.com\/wordpress\/plugins\/seo\/ -->\n<title>Mise en \u0153uvre de l&#039;Accord de Libre-\u00c9change Canada\u2013Cor\u00e9e (AL\u00c9CRC) - Alpha Logistiques<\/title>\n<meta name=\"robots\" content=\"index, follow, max-snippet:-1, max-image-preview:large, max-video-preview:-1\" \/>\n<link rel=\"canonical\" href=\"https:\/\/www.alphalogistiques.com\/fr\/mise-en-oeuvre-de-laccord-de-libre-echange-canada-coree-alecrc\/\" \/>\n<meta property=\"og:locale\" content=\"fr_FR\" \/>\n<meta property=\"og:type\" content=\"article\" \/>\n<meta property=\"og:title\" content=\"Mise en \u0153uvre de l&#039;Accord de Libre-\u00c9change Canada\u2013Cor\u00e9e (AL\u00c9CRC) - Alpha Logistiques\" \/>\n<meta property=\"og:description\" content=\"La mise en \u0153uvre de l&#039;Accord de Libre-\u00c9change Canada\u2013Cor\u00e9e (AL\u00c9CRC), laquelle aura lieu le 1er janvier 2015. \u00c0 l&#039;exception de quelques produits agricoles, l&#039;AL\u00c9CRC \u00e9liminera les...\" \/>\n<meta property=\"og:url\" content=\"https:\/\/www.alphalogistiques.com\/fr\/mise-en-oeuvre-de-laccord-de-libre-echange-canada-coree-alecrc\/\" \/>\n<meta property=\"og:site_name\" content=\"Alpha Logistiques\" \/>\n<meta property=\"article:published_time\" content=\"2014-12-09T05:00:08+00:00\" \/>\n<meta property=\"article:modified_time\" content=\"2019-05-29T17:34:48+00:00\" \/>\n<meta name=\"author\" content=\"designshopp\" \/>\n<meta name=\"twitter:card\" content=\"summary_large_image\" \/>\n<meta name=\"twitter:label1\" content=\"\u00c9crit par\" \/>\n\t<meta name=\"twitter:data1\" content=\"designshopp\" \/>\n\t<meta name=\"twitter:label2\" content=\"Dur\u00e9e de lecture estim\u00e9e\" \/>\n\t<meta name=\"twitter:data2\" content=\"2 minutes\" \/>\n<script type=\"application\/ld+json\" class=\"yoast-schema-graph\">{\"@context\":\"https:\/\/schema.org\",\"@graph\":[{\"@type\":\"WebPage\",\"@id\":\"https:\/\/www.alphalogistiques.com\/fr\/mise-en-oeuvre-de-laccord-de-libre-echange-canada-coree-alecrc\/\",\"url\":\"https:\/\/www.alphalogistiques.com\/fr\/mise-en-oeuvre-de-laccord-de-libre-echange-canada-coree-alecrc\/\",\"name\":\"Mise en \u0153uvre de l'Accord de Libre-\u00c9change Canada\u2013Cor\u00e9e (AL\u00c9CRC) - Alpha Logistiques\",\"isPartOf\":{\"@id\":\"https:\/\/www.alphalogistiques.com\/#website\"},\"datePublished\":\"2014-12-09T05:00:08+00:00\",\"dateModified\":\"2019-05-29T17:34:48+00:00\",\"author\":{\"@id\":\"https:\/\/www.alphalogistiques.com\/#\/schema\/person\/0d2dc99ac910c048d72f3cc5fb63d23b\"},\"breadcrumb\":{\"@id\":\"https:\/\/www.alphalogistiques.com\/fr\/mise-en-oeuvre-de-laccord-de-libre-echange-canada-coree-alecrc\/#breadcrumb\"},\"inLanguage\":\"fr-FR\",\"potentialAction\":[{\"@type\":\"ReadAction\",\"target\":[\"https:\/\/www.alphalogistiques.com\/fr\/mise-en-oeuvre-de-laccord-de-libre-echange-canada-coree-alecrc\/\"]}]},{\"@type\":\"BreadcrumbList\",\"@id\":\"https:\/\/www.alphalogistiques.com\/fr\/mise-en-oeuvre-de-laccord-de-libre-echange-canada-coree-alecrc\/#breadcrumb\",\"itemListElement\":[{\"@type\":\"ListItem\",\"position\":1,\"name\":\"Home\",\"item\":\"https:\/\/www.alphalogistiques.com\/fr\/\"},{\"@type\":\"ListItem\",\"position\":2,\"name\":\"Mise en \u0153uvre de l&#8217;Accord de Libre-\u00c9change Canada\u2013Cor\u00e9e (AL\u00c9CRC)\"}]},{\"@type\":\"WebSite\",\"@id\":\"https:\/\/www.alphalogistiques.com\/#website\",\"url\":\"https:\/\/www.alphalogistiques.com\/\",\"name\":\"Alpha Logistiques\",\"description\":\"\",\"potentialAction\":[{\"@type\":\"SearchAction\",\"target\":{\"@type\":\"EntryPoint\",\"urlTemplate\":\"https:\/\/www.alphalogistiques.com\/?s={search_term_string}\"},\"query-input\":\"required name=search_term_string\"}],\"inLanguage\":\"fr-FR\"},{\"@type\":\"Person\",\"@id\":\"https:\/\/www.alphalogistiques.com\/#\/schema\/person\/0d2dc99ac910c048d72f3cc5fb63d23b\",\"name\":\"designshopp\",\"image\":{\"@type\":\"ImageObject\",\"inLanguage\":\"fr-FR\",\"@id\":\"https:\/\/www.alphalogistiques.com\/#\/schema\/person\/image\/\",\"url\":\"https:\/\/secure.gravatar.com\/avatar\/2fc50f5c458ac103c18aeb4ecdf858cc?s=96&d=mm&r=g\",\"contentUrl\":\"https:\/\/secure.gravatar.com\/avatar\/2fc50f5c458ac103c18aeb4ecdf858cc?s=96&d=mm&r=g\",\"caption\":\"designshopp\"},\"url\":\"https:\/\/www.alphalogistiques.com\/fr\/author\/designshopp\/\"}]}<\/script>\n<!-- \/ Yoast SEO plugin. -->","yoast_head_json":{"title":"Mise en \u0153uvre de l'Accord de Libre-\u00c9change Canada\u2013Cor\u00e9e (AL\u00c9CRC) - Alpha Logistiques","robots":{"index":"index","follow":"follow","max-snippet":"max-snippet:-1","max-image-preview":"max-image-preview:large","max-video-preview":"max-video-preview:-1"},"canonical":"https:\/\/www.alphalogistiques.com\/fr\/mise-en-oeuvre-de-laccord-de-libre-echange-canada-coree-alecrc\/","og_locale":"fr_FR","og_type":"article","og_title":"Mise en \u0153uvre de l'Accord de Libre-\u00c9change Canada\u2013Cor\u00e9e (AL\u00c9CRC) - Alpha Logistiques","og_description":"La mise en \u0153uvre de l'Accord de Libre-\u00c9change Canada\u2013Cor\u00e9e (AL\u00c9CRC), laquelle aura lieu le 1er janvier 2015. \u00c0 l'exception de quelques produits agricoles, l'AL\u00c9CRC \u00e9liminera les...","og_url":"https:\/\/www.alphalogistiques.com\/fr\/mise-en-oeuvre-de-laccord-de-libre-echange-canada-coree-alecrc\/","og_site_name":"Alpha Logistiques","article_published_time":"2014-12-09T05:00:08+00:00","article_modified_time":"2019-05-29T17:34:48+00:00","author":"designshopp","twitter_card":"summary_large_image","twitter_misc":{"\u00c9crit par":"designshopp","Dur\u00e9e de lecture estim\u00e9e":"2 minutes"},"schema":{"@context":"https:\/\/schema.org","@graph":[{"@type":"WebPage","@id":"https:\/\/www.alphalogistiques.com\/fr\/mise-en-oeuvre-de-laccord-de-libre-echange-canada-coree-alecrc\/","url":"https:\/\/www.alphalogistiques.com\/fr\/mise-en-oeuvre-de-laccord-de-libre-echange-canada-coree-alecrc\/","name":"Mise en \u0153uvre de l'Accord de Libre-\u00c9change Canada\u2013Cor\u00e9e (AL\u00c9CRC) - Alpha Logistiques","isPartOf":{"@id":"https:\/\/www.alphalogistiques.com\/#website"},"datePublished":"2014-12-09T05:00:08+00:00","dateModified":"2019-05-29T17:34:48+00:00","author":{"@id":"https:\/\/www.alphalogistiques.com\/#\/schema\/person\/0d2dc99ac910c048d72f3cc5fb63d23b"},"breadcrumb":{"@id":"https:\/\/www.alphalogistiques.com\/fr\/mise-en-oeuvre-de-laccord-de-libre-echange-canada-coree-alecrc\/#breadcrumb"},"inLanguage":"fr-FR","potentialAction":[{"@type":"ReadAction","target":["https:\/\/www.alphalogistiques.com\/fr\/mise-en-oeuvre-de-laccord-de-libre-echange-canada-coree-alecrc\/"]}]},{"@type":"BreadcrumbList","@id":"https:\/\/www.alphalogistiques.com\/fr\/mise-en-oeuvre-de-laccord-de-libre-echange-canada-coree-alecrc\/#breadcrumb","itemListElement":[{"@type":"ListItem","position":1,"name":"Home","item":"https:\/\/www.alphalogistiques.com\/fr\/"},{"@type":"ListItem","position":2,"name":"Mise en \u0153uvre de l&#8217;Accord de Libre-\u00c9change Canada\u2013Cor\u00e9e (AL\u00c9CRC)"}]},{"@type":"WebSite","@id":"https:\/\/www.alphalogistiques.com\/#website","url":"https:\/\/www.alphalogistiques.com\/","name":"Alpha Logistiques","description":"","potentialAction":[{"@type":"SearchAction","target":{"@type":"EntryPoint","urlTemplate":"https:\/\/www.alphalogistiques.com\/?s={search_term_string}"},"query-input":"required name=search_term_string"}],"inLanguage":"fr-FR"},{"@type":"Person","@id":"https:\/\/www.alphalogistiques.com\/#\/schema\/person\/0d2dc99ac910c048d72f3cc5fb63d23b","name":"designshopp","image":{"@type":"ImageObject","inLanguage":"fr-FR","@id":"https:\/\/www.alphalogistiques.com\/#\/schema\/person\/image\/","url":"https:\/\/secure.gravatar.com\/avatar\/2fc50f5c458ac103c18aeb4ecdf858cc?s=96&d=mm&r=g","contentUrl":"https:\/\/secure.gravatar.com\/avatar\/2fc50f5c458ac103c18aeb4ecdf858cc?s=96&d=mm&r=g","caption":"designshopp"},"url":"https:\/\/www.alphalogistiques.com\/fr\/author\/designshopp\/"}]}},"_links":{"self":[{"href":"https:\/\/www.alphalogistiques.com\/fr\/wp-json\/wp\/v2\/posts\/585"}],"collection":[{"href":"https:\/\/www.alphalogistiques.com\/fr\/wp-json\/wp\/v2\/posts"}],"about":[{"href":"https:\/\/www.alphalogistiques.com\/fr\/wp-json\/wp\/v2\/types\/post"}],"author":[{"embeddable":true,"href":"https:\/\/www.alphalogistiques.com\/fr\/wp-json\/wp\/v2\/users\/1"}],"replies":[{"embeddable":true,"href":"https:\/\/www.alphalogistiques.com\/fr\/wp-json\/wp\/v2\/comments?post=585"}],"version-history":[{"count":4,"href":"https:\/\/www.alphalogistiques.com\/fr\/wp-json\/wp\/v2\/posts\/585\/revisions"}],"predecessor-version":[{"id":1231,"href":"https:\/\/www.alphalogistiques.com\/fr\/wp-json\/wp\/v2\/posts\/585\/revisions\/1231"}],"wp:attachment":[{"href":"https:\/\/www.alphalogistiques.com\/fr\/wp-json\/wp\/v2\/media?parent=585"}],"wp:term":[{"taxonomy":"category","embeddable":true,"href":"https:\/\/www.alphalogistiques.com\/fr\/wp-json\/wp\/v2\/categories?post=585"},{"taxonomy":"post_tag","embeddable":true,"href":"https:\/\/www.alphalogistiques.com\/fr\/wp-json\/wp\/v2\/tags?post=585"}],"curies":[{"name":"wp","href":"https:\/\/api.w.org\/{rel}","templated":true}]}}